{"id":4719,"date":"2026-08-27T10:40:12","date_gmt":"2026-08-27T08:40:12","guid":{"rendered":"https:\/\/cerv.gov.sk\/?p=4719"},"modified":"2026-08-27T14:13:22","modified_gmt":"2026-08-27T12:13:22","slug":"oznamenie-o-cerpani-dovolenky-2","status":"publish","type":"post","link":"https:\/\/cerv.gov.sk\/index.php\/2026\/08\/27\/oznamenie-o-cerpani-dovolenky-2\/","title":{"rendered":"Ozn\u00e1menie o \u010derpan\u00ed dovolenky"},"content":{"rendered":"\t\t<div data-elementor-type=\"wp-post\" data-elementor-id=\"4719\" class=\"elementor elementor-4719\">\n\t\t\t\t<div class=\"elementor-element elementor-element-dc3893e e-flex e-con-boxed e-con e-parent\" data-id=\"dc3893e\" data-element_type=\"container\" data-e-type=\"container\">\n\t\t\t\t\t<div class=\"e-con-inner\">\n\t\t\t\t<div class=\"elementor-element elementor-element-9f3fab0 elementor-widget elementor-widget-heading\" data-id=\"9f3fab0\" data-element_type=\"widget\" data-e-type=\"widget\" data-widget_type=\"heading.default\">\n\t\t\t\t<div class=\"elementor-widget-container\">\n\t\t\t\t\t<h2 class=\"elementor-heading-title elementor-size-default\">Ozn\u00e1menie o \u010derpan\u00ed dovolenky<\/h2>\t\t\t\t<\/div>\n\t\t\t\t<\/div>\n\t\t\t\t\t<\/div>\n\t\t\t\t<\/div>\n\t\t<div class=\"elementor-element elementor-element-94a70fe e-flex e-con-boxed e-con e-parent\" data-id=\"94a70fe\" data-element_type=\"container\" data-e-type=\"container\">\n\t\t\t\t\t<div class=\"e-con-inner\">\n\t\t\t\t<div class=\"elementor-element elementor-element-ed850b8 elementor-widget elementor-widget-image\" data-id=\"ed850b8\" data-element_type=\"widget\" data-e-type=\"widget\" data-widget_type=\"image.default\">\n\t\t\t\t<div class=\"elementor-widget-container\">\n\t\t\t\t\t\t\t\t\t\t\t\t\t\t\t<img fetchpriority=\"high\" decoding=\"async\" width=\"640\" height=\"427\" src=\"https:\/\/cerv.gov.sk\/wp-content\/uploads\/2025\/08\/medium-rare-YoadQb46v6k-unsplash.jpg\" class=\"attachment-large size-large wp-image-2900\" alt=\"Ilustra\u010dn\u00fd obr\u00e1zok: zatvoren\u00fd laptop s okuliarmi a my\u0161kou na pracovnom stole\" srcset=\"https:\/\/cerv.gov.sk\/wp-content\/uploads\/2025\/08\/medium-rare-YoadQb46v6k-unsplash.jpg 640w, https:\/\/cerv.gov.sk\/wp-content\/uploads\/2025\/08\/medium-rare-YoadQb46v6k-unsplash-300x200.jpg 300w\" sizes=\"(max-width: 640px) 100vw, 640px\" \/>\t\t\t\t\t\t\t\t\t\t\t\t\t\t\t<\/div>\n\t\t\t\t<\/div>\n\t\t\t\t\t<\/div>\n\t\t\t\t<\/div>\n\t\t<div class=\"elementor-element elementor-element-a7869b2 e-flex e-con-boxed e-con e-parent\" data-id=\"a7869b2\" data-element_type=\"container\" data-e-type=\"container\">\n\t\t\t\t\t<div class=\"e-con-inner\">\n\t\t<div class=\"elementor-element elementor-element-200fcb5 e-con-full e-flex e-con e-child\" data-id=\"200fcb5\" data-element_type=\"container\" data-e-type=\"container\">\n\t\t\t\t<div class=\"elementor-element elementor-element-a855eba elementor-view-default elementor-widget elementor-widget-icon\" data-id=\"a855eba\" data-element_type=\"widget\" data-e-type=\"widget\" data-widget_type=\"icon.default\">\n\t\t\t\t<div class=\"elementor-widget-container\">\n\t\t\t\t\t\t\t<div class=\"elementor-icon-wrapper\">\n\t\t\t<div class=\"elementor-icon\">\n\t\t\t<svg aria-hidden=\"true\" class=\"e-font-icon-svg e-far-bell\" viewBox=\"0 0 448 512\" xmlns=\"http:\/\/www.w3.org\/2000\/svg\"><path d=\"M439.39 362.29c-19.32-20.76-55.47-51.99-55.47-154.29 0-77.7-54.48-139.9-127.94-155.16V32c0-17.67-14.32-32-31.98-32s-31.98 14.33-31.98 32v20.84C118.56 68.1 64.08 130.3 64.08 208c0 102.3-36.15 133.53-55.47 154.29-6 6.45-8.66 14.16-8.61 21.71.11 16.4 12.98 32 32.1 32h383.8c19.12 0 32-15.6 32.1-32 .05-7.55-2.61-15.27-8.61-21.71zM67.53 368c21.22-27.97 44.42-74.33 44.53-159.42 0-.2-.06-.38-.06-.58 0-61.86 50.14-112 112-112s112 50.14 112 112c0 .2-.06.38-.06.58.11 85.1 23.31 131.46 44.53 159.42H67.53zM224 512c35.32 0 63.97-28.65 63.97-64H160.03c0 35.35 28.65 64 63.97 64z\"><\/path><\/svg>\t\t\t<\/div>\n\t\t<\/div>\n\t\t\t\t\t\t<\/div>\n\t\t\t\t<\/div>\n\t\t\t\t<\/div>\n\t\t<div class=\"elementor-element elementor-element-3318de9 e-con-full e-flex e-con e-child\" data-id=\"3318de9\" data-element_type=\"container\" data-e-type=\"container\">\n\t\t\t\t<div class=\"elementor-element elementor-element-a6f9e88 elementor-widget elementor-widget-text-editor\" data-id=\"a6f9e88\" data-element_type=\"widget\" data-e-type=\"widget\" data-widget_type=\"text-editor.default\">\n\t\t\t\t<div class=\"elementor-widget-container\">\n\t\t\t\t\t\t\t\t\t<p class=\"isSelectedEnd\"><strong>Mil\u00ed \u017eiadatelia a partneri,<\/strong><\/p><p class=\"isSelectedEnd\">v obdob\u00ed od <strong>31. augusta do 11. septembra 2026<\/strong> budeme \u010derpa\u0165 dovolenku.<\/p><p class=\"isSelectedEnd\">\u017diadosti o konzult\u00e1cie zaslan\u00e9 po\u010das tohto obdobia bud\u00fa vybaven\u00e9 po na\u0161om n\u00e1vrate.<\/p><p class=\"isSelectedEnd\">V pr\u00edpade naliehav\u00fdch ot\u00e1zok m\u00f4\u017eete kontaktova\u0165 <span style=\"text-decoration: underline;\">info-cerv@employment.gov.sk<\/span><\/p><p>\u010eakujeme v\u00e1m za pochopenie! \ud83c\udf3b<\/p>\t\t\t\t\t\t\t\t<\/div>\n\t\t\t\t<\/div>\n\t\t\t\t<\/div>\n\t\t\t\t\t<\/div>\n\t\t\t\t<\/div>\n\t\t\t\t<\/div>\n\t\t","protected":false},"excerpt":{"rendered":"<p>Dovolenka | od 31.8. do 11.9. 2026<\/p>\n","protected":false},"author":6,"featured_media":2900,"comment_status":"open","ping_status":"open","sticky":false,"template":"elementor_header_footer","format":"standard","meta":{"om_disable_all_campaigns":false,"_monsterinsights_skip_tracking":false,"_uf_show_specific_survey":0,"_uf_disable_surveys":false,"site-sidebar-layout":"default","site-content-layout":"","ast-site-content-layout":"","site-content-style":"default","site-sidebar-style":"default","ast-global-header-display":"","ast-banner-title-visibility":"","ast-main-header-display":"","ast-hfb-above-header-display":"","ast-hfb-below-header-display":"","ast-hfb-mobile-header-display":"","site-post-title":"","ast-breadcrumbs-content":"","ast-featured-img":"","footer-sml-layout":"","theme-transparent-header-meta":"","adv-header-id-meta":"","stick-header-meta":"","header-above-stick-meta":"","header-main-stick-meta":"","header-below-stick-meta":"","astra-migrate-meta-layouts":"default","ast-page-background-enabled":"default","ast-page-background-meta":{"desktop":{"background-color":"var(--ast-global-color-4)","background-image":"","background-repeat":"repeat","background-position":"center center","background-size":"auto","background-attachment":"scroll","background-type":"","background-media":"","overlay-type":"","overlay-color":"","overlay-opacity":"","overlay-gradient":""},"tablet":{"background-color":"","background-image":"","background-repeat":"repeat","background-position":"center center","background-size":"auto","background-attachment":"scroll","background-type":"","background-media":"","overlay-type":"","overlay-color":"","overlay-opacity":"","overlay-gradient":""},"mobile":{"background-color":"","background-image":"","background-repeat":"repeat","background-position":"center center","background-size":"auto","background-attachment":"scroll","background-type":"","background-media":"","overlay-type":"","overlay-color":"","overlay-opacity":"","overlay-gradient":""}},"ast-content-background-meta":{"desktop":{"background-color":"var(--ast-global-color-5)","background-image":"","background-repeat":"repeat","background-position":"center center","background-size":"auto","background-attachment":"scroll","background-type":"","background-media":"","overlay-type":"","overlay-color":"","overlay-opacity":"","overlay-gradient":""},"tablet":{"background-color":"var(--ast-global-color-5)","background-image":"","background-repeat":"repeat","background-position":"center center","background-size":"auto","background-attachment":"scroll","background-type":"","background-media":"","overlay-type":"","overlay-color":"","overlay-opacity":"","overlay-gradient":""},"mobile":{"background-color":"var(--ast-global-color-5)","background-image":"","background-repeat":"repeat","background-position":"center center","background-size":"auto","background-attachment":"scroll","background-type":"","background-media":"","overlay-type":"","overlay-color":"","overlay-opacity":"","overlay-gradient":""}},"footnotes":""},"categories":[62],"tags":[4],"class_list":["post-4719","post","type-post","status-publish","format-standard","has-post-thumbnail","hentry","category-aktuality","tag-aktuality"],"aioseo_notices":[],"aioseo_head":"\n\t\t<!-- All in One SEO 5.0.1.1 - aioseo.com -->\n\t<meta name=\"description\" content=\"Dovolenka | od 31.8. do 11.9. 2026\" \/>\n\t<meta name=\"robots\" content=\"noindex, nofollow, max-image-preview:large\" \/>\n\t<meta name=\"author\" content=\"Timea Cseriova\"\/>\n\t<link rel=\"canonical\" href=\"https:\/\/cerv.gov.sk\/index.php\/2026\/08\/27\/oznamenie-o-cerpani-dovolenky-2\/\" \/>\n\t<meta name=\"generator\" content=\"All in One SEO (AIOSEO) 5.0.1.1\" \/>\n\t\t<meta property=\"og:locale\" content=\"sk_SK\" \/>\n\t\t<meta property=\"og:site_name\" content=\"-\" \/>\n\t\t<meta property=\"og:type\" content=\"article\" \/>\n\t\t<meta property=\"og:title\" content=\"Ozn\u00e1menie o \u010derpan\u00ed dovolenky -\" \/>\n\t\t<meta property=\"og:description\" content=\"Dovolenka | od 31.8. do 11.9. 2026\" \/>\n\t\t<meta property=\"og:url\" content=\"https:\/\/cerv.gov.sk\/index.php\/2026\/08\/27\/oznamenie-o-cerpani-dovolenky-2\/\" \/>\n\t\t<meta property=\"og:image\" content=\"https:\/\/cerv.gov.sk\/wp-content\/uploads\/2024\/09\/logo-na-web-1.png\" \/>\n\t\t<meta property=\"og:image:secure_url\" content=\"https:\/\/cerv.gov.sk\/wp-content\/uploads\/2024\/09\/logo-na-web-1.png\" \/>\n\t\t<meta property=\"article:published_time\" content=\"2026-08-27T08:40:12+00:00\" \/>\n\t\t<meta property=\"article:modified_time\" content=\"2026-08-27T12:13:22+00:00\" \/>\n\t\t<meta name=\"twitter:card\" content=\"summary_large_image\" \/>\n\t\t<meta name=\"twitter:title\" content=\"Ozn\u00e1menie o \u010derpan\u00ed dovolenky -\" \/>\n\t\t<meta name=\"twitter:description\" content=\"Dovolenka | od 31.8. do 11.9. 2026\" \/>\n\t\t<meta name=\"twitter:image\" content=\"https:\/\/cerv.gov.sk\/wp-content\/uploads\/2024\/09\/logo-na-web-1.png\" \/>\n\t\t<script type=\"application\/ld+json\" class=\"aioseo-schema\">\n\t\t\t{\"@context\":\"https:\\\/\\\/schema.org\",\"@graph\":[{\"@type\":\"BlogPosting\",\"@id\":\"https:\\\/\\\/cerv.gov.sk\\\/index.php\\\/2026\\\/08\\\/27\\\/oznamenie-o-cerpani-dovolenky-2\\\/#blogposting\",\"name\":\"Ozn\\u00e1menie o \\u010derpan\\u00ed dovolenky -\",\"headline\":\"Ozn\\u00e1menie o \\u010derpan\\u00ed dovolenky\",\"author\":{\"@id\":\"https:\\\/\\\/cerv.gov.sk\\\/index.php\\\/author\\\/cseriova\\\/#author\"},\"publisher\":{\"@id\":\"https:\\\/\\\/cerv.gov.sk\\\/#organization\"},\"image\":{\"@type\":\"ImageObject\",\"url\":\"https:\\\/\\\/cerv.gov.sk\\\/wp-content\\\/uploads\\\/2025\\\/08\\\/medium-rare-YoadQb46v6k-unsplash.jpg\",\"width\":640,\"height\":427,\"caption\":\"Ilustra\\u010dn\\u00fd obr\\u00e1zok: zatvoren\\u00fd laptop s okuliarmi a my\\u0161kou na pracovnom stole\"},\"datePublished\":\"2026-08-27T10:40:12+02:00\",\"dateModified\":\"2026-08-27T14:13:22+02:00\",\"inLanguage\":\"sk-SK\",\"mainEntityOfPage\":{\"@id\":\"https:\\\/\\\/cerv.gov.sk\\\/index.php\\\/2026\\\/08\\\/27\\\/oznamenie-o-cerpani-dovolenky-2\\\/#webpage\"},\"isPartOf\":{\"@id\":\"https:\\\/\\\/cerv.gov.sk\\\/index.php\\\/2026\\\/08\\\/27\\\/oznamenie-o-cerpani-dovolenky-2\\\/#webpage\"},\"articleSection\":\"Aktuality, Aktuality, Sloven\\u010dina\"},{\"@type\":\"BreadcrumbList\",\"@id\":\"https:\\\/\\\/cerv.gov.sk\\\/index.php\\\/2026\\\/08\\\/27\\\/oznamenie-o-cerpani-dovolenky-2\\\/#breadcrumblist\",\"itemListElement\":[{\"@type\":\"ListItem\",\"@id\":\"https:\\\/\\\/cerv.gov.sk#listItem\",\"position\":1,\"name\":\"Home\",\"item\":\"https:\\\/\\\/cerv.gov.sk\",\"nextItem\":{\"@type\":\"ListItem\",\"@id\":\"https:\\\/\\\/cerv.gov.sk\\\/index.php\\\/category\\\/aktuality\\\/#listItem\",\"name\":\"Aktuality\"}},{\"@type\":\"ListItem\",\"@id\":\"https:\\\/\\\/cerv.gov.sk\\\/index.php\\\/category\\\/aktuality\\\/#listItem\",\"position\":2,\"name\":\"Aktuality\",\"item\":\"https:\\\/\\\/cerv.gov.sk\\\/index.php\\\/category\\\/aktuality\\\/\",\"nextItem\":{\"@type\":\"ListItem\",\"@id\":\"https:\\\/\\\/cerv.gov.sk\\\/index.php\\\/2026\\\/08\\\/27\\\/oznamenie-o-cerpani-dovolenky-2\\\/#listItem\",\"name\":\"Ozn\\u00e1menie o \\u010derpan\\u00ed dovolenky\"},\"previousItem\":{\"@type\":\"ListItem\",\"@id\":\"https:\\\/\\\/cerv.gov.sk#listItem\",\"name\":\"Home\"}},{\"@type\":\"ListItem\",\"@id\":\"https:\\\/\\\/cerv.gov.sk\\\/index.php\\\/2026\\\/08\\\/27\\\/oznamenie-o-cerpani-dovolenky-2\\\/#listItem\",\"position\":3,\"name\":\"Ozn\\u00e1menie o \\u010derpan\\u00ed dovolenky\",\"previousItem\":{\"@type\":\"ListItem\",\"@id\":\"https:\\\/\\\/cerv.gov.sk\\\/index.php\\\/category\\\/aktuality\\\/#listItem\",\"name\":\"Aktuality\"}}]},{\"@type\":\"Organization\",\"@id\":\"https:\\\/\\\/cerv.gov.sk\\\/#organization\",\"url\":\"https:\\\/\\\/cerv.gov.sk\\\/\",\"logo\":{\"@type\":\"ImageObject\",\"url\":\"https:\\\/\\\/cerv.gov.sk\\\/wp-content\\\/uploads\\\/2024\\\/09\\\/logo-na-web-1.png\",\"@id\":\"https:\\\/\\\/cerv.gov.sk\\\/index.php\\\/2026\\\/08\\\/27\\\/oznamenie-o-cerpani-dovolenky-2\\\/#organizationLogo\",\"width\":8000,\"height\":1500},\"image\":{\"@id\":\"https:\\\/\\\/cerv.gov.sk\\\/index.php\\\/2026\\\/08\\\/27\\\/oznamenie-o-cerpani-dovolenky-2\\\/#organizationLogo\"}},{\"@type\":\"Person\",\"@id\":\"https:\\\/\\\/cerv.gov.sk\\\/index.php\\\/author\\\/cseriova\\\/#author\",\"url\":\"https:\\\/\\\/cerv.gov.sk\\\/index.php\\\/author\\\/cseriova\\\/\",\"name\":\"Timea Cseriova\",\"image\":{\"@type\":\"ImageObject\",\"@id\":\"https:\\\/\\\/cerv.gov.sk\\\/index.php\\\/2026\\\/08\\\/27\\\/oznamenie-o-cerpani-dovolenky-2\\\/#authorImage\",\"url\":\"https:\\\/\\\/secure.gravatar.com\\\/avatar\\\/c57fd07f7193b84a0ba49b4b9e66c232fe0c37471cb730bc80005d38cc04002f?s=96&d=mm&r=g\",\"width\":96,\"height\":96,\"caption\":\"Timea Cseriova\"}},{\"@type\":\"WebPage\",\"@id\":\"https:\\\/\\\/cerv.gov.sk\\\/index.php\\\/2026\\\/08\\\/27\\\/oznamenie-o-cerpani-dovolenky-2\\\/#webpage\",\"url\":\"https:\\\/\\\/cerv.gov.sk\\\/index.php\\\/2026\\\/08\\\/27\\\/oznamenie-o-cerpani-dovolenky-2\\\/\",\"name\":\"Ozn\\u00e1menie o \\u010derpan\\u00ed dovolenky -\",\"description\":\"Dovolenka | od 31.8. do 11.9. 2026\",\"inLanguage\":\"sk-SK\",\"isPartOf\":{\"@id\":\"https:\\\/\\\/cerv.gov.sk\\\/#website\"},\"breadcrumb\":{\"@id\":\"https:\\\/\\\/cerv.gov.sk\\\/index.php\\\/2026\\\/08\\\/27\\\/oznamenie-o-cerpani-dovolenky-2\\\/#breadcrumblist\"},\"author\":{\"@id\":\"https:\\\/\\\/cerv.gov.sk\\\/index.php\\\/author\\\/cseriova\\\/#author\"},\"creator\":{\"@id\":\"https:\\\/\\\/cerv.gov.sk\\\/index.php\\\/author\\\/cseriova\\\/#author\"},\"image\":{\"@type\":\"ImageObject\",\"url\":\"https:\\\/\\\/cerv.gov.sk\\\/wp-content\\\/uploads\\\/2025\\\/08\\\/medium-rare-YoadQb46v6k-unsplash.jpg\",\"@id\":\"https:\\\/\\\/cerv.gov.sk\\\/index.php\\\/2026\\\/08\\\/27\\\/oznamenie-o-cerpani-dovolenky-2\\\/#mainImage\",\"width\":640,\"height\":427,\"caption\":\"Ilustra\\u010dn\\u00fd obr\\u00e1zok: zatvoren\\u00fd laptop s okuliarmi a my\\u0161kou na pracovnom stole\"},\"primaryImageOfPage\":{\"@id\":\"https:\\\/\\\/cerv.gov.sk\\\/index.php\\\/2026\\\/08\\\/27\\\/oznamenie-o-cerpani-dovolenky-2\\\/#mainImage\"},\"datePublished\":\"2026-08-27T10:40:12+02:00\",\"dateModified\":\"2026-08-27T14:13:22+02:00\"},{\"@type\":\"WebSite\",\"@id\":\"https:\\\/\\\/cerv.gov.sk\\\/#website\",\"url\":\"https:\\\/\\\/cerv.gov.sk\\\/\",\"inLanguage\":\"sk-SK\",\"publisher\":{\"@id\":\"https:\\\/\\\/cerv.gov.sk\\\/#organization\"}}]}\n\t\t<\/script>\n\t\t<!-- All in One SEO -->\n\n","aioseo_head_json":{"title":"Ozn\u00e1menie o \u010derpan\u00ed dovolenky -","description":"Dovolenka | od 31.8. do 11.9. 2026","canonical_url":"https:\/\/cerv.gov.sk\/index.php\/2026\/08\/27\/oznamenie-o-cerpani-dovolenky-2\/","robots":"noindex, nofollow, max-image-preview:large","keywords":"","webmasterTools":{"miscellaneous":""},"schema":{"@context":"https:\/\/schema.org","@graph":[{"@type":"BlogPosting","@id":"https:\/\/cerv.gov.sk\/index.php\/2026\/08\/27\/oznamenie-o-cerpani-dovolenky-2\/#blogposting","name":"Ozn\u00e1menie o \u010derpan\u00ed dovolenky -","headline":"Ozn\u00e1menie o \u010derpan\u00ed dovolenky","author":{"@id":"https:\/\/cerv.gov.sk\/index.php\/author\/cseriova\/#author"},"publisher":{"@id":"https:\/\/cerv.gov.sk\/#organization"},"image":{"@type":"ImageObject","url":"https:\/\/cerv.gov.sk\/wp-content\/uploads\/2025\/08\/medium-rare-YoadQb46v6k-unsplash.jpg","width":640,"height":427,"caption":"Ilustra\u010dn\u00fd obr\u00e1zok: zatvoren\u00fd laptop s okuliarmi a my\u0161kou na pracovnom stole"},"datePublished":"2026-08-27T10:40:12+02:00","dateModified":"2026-08-27T14:13:22+02:00","inLanguage":"sk-SK","mainEntityOfPage":{"@id":"https:\/\/cerv.gov.sk\/index.php\/2026\/08\/27\/oznamenie-o-cerpani-dovolenky-2\/#webpage"},"isPartOf":{"@id":"https:\/\/cerv.gov.sk\/index.php\/2026\/08\/27\/oznamenie-o-cerpani-dovolenky-2\/#webpage"},"articleSection":"Aktuality, Aktuality, Sloven\u010dina"},{"@type":"BreadcrumbList","@id":"https:\/\/cerv.gov.sk\/index.php\/2026\/08\/27\/oznamenie-o-cerpani-dovolenky-2\/#breadcrumblist","itemListElement":[{"@type":"ListItem","@id":"https:\/\/cerv.gov.sk#listItem","position":1,"name":"Home","item":"https:\/\/cerv.gov.sk","nextItem":{"@type":"ListItem","@id":"https:\/\/cerv.gov.sk\/index.php\/category\/aktuality\/#listItem","name":"Aktuality"}},{"@type":"ListItem","@id":"https:\/\/cerv.gov.sk\/index.php\/category\/aktuality\/#listItem","position":2,"name":"Aktuality","item":"https:\/\/cerv.gov.sk\/index.php\/category\/aktuality\/","nextItem":{"@type":"ListItem","@id":"https:\/\/cerv.gov.sk\/index.php\/2026\/08\/27\/oznamenie-o-cerpani-dovolenky-2\/#listItem","name":"Ozn\u00e1menie o \u010derpan\u00ed dovolenky"},"previousItem":{"@type":"ListItem","@id":"https:\/\/cerv.gov.sk#listItem","name":"Home"}},{"@type":"ListItem","@id":"https:\/\/cerv.gov.sk\/index.php\/2026\/08\/27\/oznamenie-o-cerpani-dovolenky-2\/#listItem","position":3,"name":"Ozn\u00e1menie o \u010derpan\u00ed dovolenky","previousItem":{"@type":"ListItem","@id":"https:\/\/cerv.gov.sk\/index.php\/category\/aktuality\/#listItem","name":"Aktuality"}}]},{"@type":"Organization","@id":"https:\/\/cerv.gov.sk\/#organization","url":"https:\/\/cerv.gov.sk\/","logo":{"@type":"ImageObject","url":"https:\/\/cerv.gov.sk\/wp-content\/uploads\/2024\/09\/logo-na-web-1.png","@id":"https:\/\/cerv.gov.sk\/index.php\/2026\/08\/27\/oznamenie-o-cerpani-dovolenky-2\/#organizationLogo","width":8000,"height":1500},"image":{"@id":"https:\/\/cerv.gov.sk\/index.php\/2026\/08\/27\/oznamenie-o-cerpani-dovolenky-2\/#organizationLogo"}},{"@type":"Person","@id":"https:\/\/cerv.gov.sk\/index.php\/author\/cseriova\/#author","url":"https:\/\/cerv.gov.sk\/index.php\/author\/cseriova\/","name":"Timea Cseriova","image":{"@type":"ImageObject","@id":"https:\/\/cerv.gov.sk\/index.php\/2026\/08\/27\/oznamenie-o-cerpani-dovolenky-2\/#authorImage","url":"https:\/\/secure.gravatar.com\/avatar\/c57fd07f7193b84a0ba49b4b9e66c232fe0c37471cb730bc80005d38cc04002f?s=96&d=mm&r=g","width":96,"height":96,"caption":"Timea Cseriova"}},{"@type":"WebPage","@id":"https:\/\/cerv.gov.sk\/index.php\/2026\/08\/27\/oznamenie-o-cerpani-dovolenky-2\/#webpage","url":"https:\/\/cerv.gov.sk\/index.php\/2026\/08\/27\/oznamenie-o-cerpani-dovolenky-2\/","name":"Ozn\u00e1menie o \u010derpan\u00ed dovolenky -","description":"Dovolenka | od 31.8. do 11.9. 2026","inLanguage":"sk-SK","isPartOf":{"@id":"https:\/\/cerv.gov.sk\/#website"},"breadcrumb":{"@id":"https:\/\/cerv.gov.sk\/index.php\/2026\/08\/27\/oznamenie-o-cerpani-dovolenky-2\/#breadcrumblist"},"author":{"@id":"https:\/\/cerv.gov.sk\/index.php\/author\/cseriova\/#author"},"creator":{"@id":"https:\/\/cerv.gov.sk\/index.php\/author\/cseriova\/#author"},"image":{"@type":"ImageObject","url":"https:\/\/cerv.gov.sk\/wp-content\/uploads\/2025\/08\/medium-rare-YoadQb46v6k-unsplash.jpg","@id":"https:\/\/cerv.gov.sk\/index.php\/2026\/08\/27\/oznamenie-o-cerpani-dovolenky-2\/#mainImage","width":640,"height":427,"caption":"Ilustra\u010dn\u00fd obr\u00e1zok: zatvoren\u00fd laptop s okuliarmi a my\u0161kou na pracovnom stole"},"primaryImageOfPage":{"@id":"https:\/\/cerv.gov.sk\/index.php\/2026\/08\/27\/oznamenie-o-cerpani-dovolenky-2\/#mainImage"},"datePublished":"2026-08-27T10:40:12+02:00","dateModified":"2026-08-27T14:13:22+02:00"},{"@type":"WebSite","@id":"https:\/\/cerv.gov.sk\/#website","url":"https:\/\/cerv.gov.sk\/","inLanguage":"sk-SK","publisher":{"@id":"https:\/\/cerv.gov.sk\/#organization"}}]},"og:locale":"sk_SK","og:site_name":"-","og:type":"article","og:title":"Ozn\u00e1menie o \u010derpan\u00ed dovolenky -","og:description":"Dovolenka | od 31.8. do 11.9. 2026","og:url":"https:\/\/cerv.gov.sk\/index.php\/2026\/08\/27\/oznamenie-o-cerpani-dovolenky-2\/","og:image":"https:\/\/cerv.gov.sk\/wp-content\/uploads\/2024\/09\/logo-na-web-1.png","og:image:secure_url":"https:\/\/cerv.gov.sk\/wp-content\/uploads\/2024\/09\/logo-na-web-1.png","article:published_time":"2026-08-27T08:40:12+00:00","article:modified_time":"2026-08-27T12:13:22+00:00","twitter:card":"summary_large_image","twitter:title":"Ozn\u00e1menie o \u010derpan\u00ed dovolenky -","twitter:description":"Dovolenka | od 31.8. do 11.9. 2026","twitter:image":"https:\/\/cerv.gov.sk\/wp-content\/uploads\/2024\/09\/logo-na-web-1.png"},"aioseo_meta_data":{"post_id":"4719","title":null,"description":null,"keywords":null,"keyphrases":{"focus":[],"additional":[]},"primary_term":null,"canonical_url":null,"og_title":null,"og_description":null,"og_object_type":"default","og_image_type":"default","og_image_url":null,"og_image_width":null,"og_image_height":null,"og_image_custom_url":null,"og_image_custom_fields":null,"og_video":null,"og_custom_url":null,"og_article_section":null,"og_article_tags":null,"twitter_use_og":false,"twitter_card":"default","twitter_image_type":"default","twitter_image_url":null,"twitter_image_custom_url":null,"twitter_image_custom_fields":null,"twitter_title":null,"twitter_description":null,"schema":{"blockGraphs":[],"customGraphs":[],"default":{"data":{"Article":[],"Course":[],"Dataset":[],"FAQPage":[],"Movie":[],"Person":[],"Product":[],"ProductReview":[],"Car":[],"Recipe":[],"Service":[],"SoftwareApplication":[],"WebPage":[]},"graphName":"","isEnabled":true},"graphs":[]},"schema_type":"default","schema_type_options":null,"pillar_content":false,"robots_default":true,"robots_noindex":false,"robots_noarchive":false,"robots_nosnippet":false,"robots_nofollow":false,"robots_noimageindex":false,"robots_noodp":false,"robots_notranslate":false,"robots_max_snippet":null,"robots_max_videopreview":null,"robots_max_imagepreview":"large","priority":null,"frequency":null,"local_seo":null,"breadcrumb_settings":null,"limit_modified_date":false,"ai":null,"created":"2026-08-27 08:40:05","updated":"2026-08-27 12:58:21","seo_analyzer_scan_date":null,"focus_keyword":null,"additional_keywords":null,"truseo_locale":null},"aioseo_breadcrumb":"<div class=\"aioseo-breadcrumbs\"><span class=\"aioseo-breadcrumb\">\n\t\t\t<a href=\"https:\/\/cerv.gov.sk\" title=\"Home\">Home<\/a>\n\t\t<\/span><span class=\"aioseo-breadcrumb-separator\">&raquo;<\/span><span class=\"aioseo-breadcrumb\">\n\t\t\t<a href=\"https:\/\/cerv.gov.sk\/index.php\/category\/aktuality\/\" title=\"Aktuality\">Aktuality<\/a>\n\t\t<\/span><span class=\"aioseo-breadcrumb-separator\">&raquo;<\/span><span class=\"aioseo-breadcrumb\">\n\t\t\tOzn\u00e1menie o \u010derpan\u00ed dovolenky\n\t\t<\/span><\/div>","aioseo_breadcrumb_json":[{"label":"Home","link":"https:\/\/cerv.gov.sk"},{"label":"Aktuality","link":"https:\/\/cerv.gov.sk\/index.php\/category\/aktuality\/"},{"label":"Ozn\u00e1menie o \u010derpan\u00ed dovolenky","link":"https:\/\/cerv.gov.sk\/index.php\/2026\/08\/27\/oznamenie-o-cerpani-dovolenky-2\/"}],"_links":{"self":[{"href":"https:\/\/cerv.gov.sk\/index.php\/wp-json\/wp\/v2\/posts\/4719","targetHints":{"allow":["GET"]}}],"collection":[{"href":"https:\/\/cerv.gov.sk\/index.php\/wp-json\/wp\/v2\/posts"}],"about":[{"href":"https:\/\/cerv.gov.sk\/index.php\/wp-json\/wp\/v2\/types\/post"}],"author":[{"embeddable":true,"href":"https:\/\/cerv.gov.sk\/index.php\/wp-json\/wp\/v2\/users\/6"}],"replies":[{"embeddable":true,"href":"https:\/\/cerv.gov.sk\/index.php\/wp-json\/wp\/v2\/comments?post=4719"}],"version-history":[{"count":7,"href":"https:\/\/cerv.gov.sk\/index.php\/wp-json\/wp\/v2\/posts\/4719\/revisions"}],"predecessor-version":[{"id":4726,"href":"https:\/\/cerv.gov.sk\/index.php\/wp-json\/wp\/v2\/posts\/4719\/revisions\/4726"}],"wp:featuredmedia":[{"embeddable":true,"href":"https:\/\/cerv.gov.sk\/index.php\/wp-json\/wp\/v2\/media\/2900"}],"wp:attachment":[{"href":"https:\/\/cerv.gov.sk\/index.php\/wp-json\/wp\/v2\/media?parent=4719"}],"wp:term":[{"taxonomy":"category","embeddable":true,"href":"https:\/\/cerv.gov.sk\/index.php\/wp-json\/wp\/v2\/categories?post=4719"},{"taxonomy":"post_tag","embeddable":true,"href":"https:\/\/cerv.gov.sk\/index.php\/wp-json\/wp\/v2\/tags?post=4719"}],"curies":[{"name":"wp","href":"https:\/\/api.w.org\/{rel}","templated":true}]}}