{"id":302,"date":"2024-09-13T13:03:25","date_gmt":"2024-09-13T11:03:25","guid":{"rendered":"https:\/\/cerv.gov.sk\/?p=302"},"modified":"2025-08-14T13:03:43","modified_gmt":"2025-08-14T11:03:43","slug":"project-1","status":"publish","type":"post","link":"https:\/\/cerv.gov.sk\/index.php\/2024\/09\/13\/project-1\/","title":{"rendered":"V\u00fdzvy CERV-2025-OG-FPA a CERV-2025-OG-SGA"},"content":{"rendered":"\t\t<div data-elementor-type=\"wp-post\" data-elementor-id=\"302\" class=\"elementor elementor-302\">\n\t\t\t\t<div class=\"elementor-element elementor-element-da1a254 e-flex e-con-boxed e-con e-parent\" data-id=\"da1a254\" data-element_type=\"container\">\n\t\t\t\t\t<div class=\"e-con-inner\">\n\t\t\t\t<div class=\"elementor-element elementor-element-b2a5499 elementor-widget elementor-widget-heading\" data-id=\"b2a5499\" data-element_type=\"widget\" data-widget_type=\"heading.default\">\n\t\t\t\t<div class=\"elementor-widget-container\">\n\t\t\t\t\t<h2 class=\"elementor-heading-title elementor-size-default\">V\u00fdzva na predkladanie \u017eiadost\u00ed na trojro\u010dn\u00e9 r\u00e1mcov\u00e9 dohody o partnerstve na podporu eur\u00f3pskych siet\u00ed, organiz\u00e1ci\u00ed ob\u010dianskej spolo\u010dnosti p\u00f4sobiacich na \u00farovni E\u00da a eur\u00f3pskych think tankov v oblasti hodn\u00f4t \u00danie\n(CERV-2025-OG-FPA)<\/h2>\t\t\t\t<\/div>\n\t\t\t\t<\/div>\n\t\t\t\t\t<\/div>\n\t\t\t\t<\/div>\n\t\t<div class=\"elementor-element elementor-element-192d410 e-flex e-con-boxed e-con e-parent\" data-id=\"192d410\" data-element_type=\"container\">\n\t\t\t\t\t<div class=\"e-con-inner\">\n\t\t\t\t<div class=\"elementor-element elementor-element-70cf900 elementor-widget elementor-widget-text-editor\" data-id=\"70cf900\" data-element_type=\"widget\" data-widget_type=\"text-editor.default\">\n\t\t\t\t<div class=\"elementor-widget-container\">\n\t\t\t\t\t\t\t\t\t<p>V\u00fdzva <span style=\"text-decoration: underline;\">CERV-2025-OG-FPA<\/span> sl\u00fa\u017ei na v\u00fdber r\u00e1mcov\u00fdch partnerov na 3-ro\u010dn\u00e9 obdobie, n\u00e1sledne sa o grant \u017eiada prostredn\u00edctvom v\u00fdzvy <span style=\"text-decoration: underline;\">CERV-2025-OG \u2013SGA<\/span> za ka\u017ed\u00fd rok po\u010das tohto 3-ro\u010dn\u00e9ho obdobia (specific grant agreements). To znamen\u00e1, \u017ee o v\u00fdzvu SGA sa m\u00f4\u017eu uch\u00e1dza\u0165 len r\u00e1mcov\u00ed partneri.<\/p>\t\t\t\t\t\t\t\t<\/div>\n\t\t\t\t<\/div>\n\t\t\t\t\t<\/div>\n\t\t\t\t<\/div>\n\t\t<div class=\"elementor-element elementor-element-4d95f959 e-flex e-con-boxed e-con e-parent\" data-id=\"4d95f959\" data-element_type=\"container\">\n\t\t\t\t\t<div class=\"e-con-inner\">\n\t\t\t\t<div class=\"elementor-element elementor-element-6e6459c6 elementor-widget elementor-widget-text-editor\" data-id=\"6e6459c6\" data-element_type=\"widget\" data-widget_type=\"text-editor.default\">\n\t\t\t\t<div class=\"elementor-widget-container\">\n\t\t\t\t\t\t\t\t\t<p><strong>T\u00e9my a priority\u00a0<\/strong><\/p><ol><li>podpora a ochrana hodn\u00f4t \u00danie.<\/li><li>podpora rovnosti, predch\u00e1dzanie diskrimin\u00e1cii a boj proti nej<\/li><li>podpora rodovej rovnosti.<\/li><li>predch\u00e1dzanie rodovo podmienen\u00e9mu n\u00e1siliu a boj proti nemu.<\/li><li>ochrana a podpora pr\u00e1v die\u0165a\u0165a.<\/li><li>prevencia a boj proti n\u00e1siliu p\u00e1chan\u00e9mu na de\u0165och.<\/li><li>boj proti rasizmu, xenof\u00f3bii a v\u0161etk\u00fdm form\u00e1m netolerancie.<\/li><li>podpora anga\u017eovanosti ob\u010danov.<\/li><li>podpora eur\u00f3pskej pam\u00e4ti<\/li><\/ol><p>Eur\u00f3pske siete musia by\u0165 akt\u00edvne v jednej z t\u00fdchto deviatich prior\u00edt. Organiz\u00e1cie ob\u010dianskej spolo\u010dnosti p\u00f4sobiace na \u00farovni E\u00da a eur\u00f3pske think tanky musia by\u0165 akt\u00edvne bu\u010f v r\u00e1mci priority 8) podpora anga\u017eovanosti ob\u010danov, alebo v r\u00e1mci priority 9) podpora eur\u00f3pskej pam\u00e4ti.<\/p>\t\t\t\t\t\t\t\t<\/div>\n\t\t\t\t<\/div>\n\t\t\t\t<div class=\"elementor-element elementor-element-c11a837 elementor-widget-divider--view-line elementor-widget elementor-widget-divider\" data-id=\"c11a837\" data-element_type=\"widget\" data-widget_type=\"divider.default\">\n\t\t\t\t<div class=\"elementor-widget-container\">\n\t\t\t\t\t\t\t<div class=\"elementor-divider\">\n\t\t\t<span class=\"elementor-divider-separator\">\n\t\t\t\t\t\t<\/span>\n\t\t<\/div>\n\t\t\t\t\t\t<\/div>\n\t\t\t\t<\/div>\n\t\t\t\t<div class=\"elementor-element elementor-element-f2018c6 elementor-widget elementor-widget-text-editor\" data-id=\"f2018c6\" data-element_type=\"widget\" data-widget_type=\"text-editor.default\">\n\t\t\t\t<div class=\"elementor-widget-container\">\n\t\t\t\t\t\t\t\t\t<p><strong>Podmienky opr\u00e1vnenosti a in\u00e9 d\u00f4le\u017eit\u00e9 inform\u00e1cie<\/strong><\/p><ul><li><p>V pr\u00edpade prior\u00edt 1 a\u017e 7 sa m\u00f4\u017eu uch\u00e1dza\u0165 len eur\u00f3pske siete.<\/p><\/li><li><p>Pre eur\u00f3pske siete: Eur\u00f3pske siete musia by\u0165 form\u00e1lne zriaden\u00e9 siete (s vlastnou pr\u00e1vnou subjektivitou) organizovan\u00e9 na eur\u00f3pskej \u00farovni s \u010dlensk\u00fdmi organiz\u00e1ciami <strong>z najmenej 14 \u010dlensk\u00fdch \u0161t\u00e1tov E\u00da<\/strong>.<\/p><\/li><li><p>Pre \u017eiadate\u013eov, ktor\u00ed \u017eiadaj\u00fa v r\u00e1mci priority 8: ak je \u017eiadate\u013eom organiz\u00e1cia ob\u010dianskej spolo\u010dnosti p\u00f4sobiaca na \u00farovni E\u00da, mus\u00ed ma\u0165 partnersk\u00e9 organiz\u00e1cie aspo\u0148 <strong>v 14 \u010dlensk\u00fdch \u0161t\u00e1toch E\u00da<\/strong>.<\/p><\/li><li><p>Pre prioritu 9 sa t\u00e1to povinnos\u0165 nevz\u0165ahuje, nie s\u00fa stanoven\u00e9 po\u017eiadavky na minim\u00e1lny po\u010det partnerov, ale m\u00f4\u017eu tieto inform\u00e1cie vyplni\u0165.<\/p><\/li><li><p>Od eur\u00f3pskych think tankov sa nevy\u017eaduje predlo\u017eenie \u017eiadneho formul\u00e1ra o partneroch.<\/p><\/li><li><p>R\u00e1mcov\u00ed partneri, ktor\u00ed sa hl\u00e1sia ako eur\u00f3pske siete, maj\u00fa mo\u017enos\u0165 op\u00e4tovne ude\u013eova\u0165 granty (<strong>t. j. finan\u010dn\u00fa podporu tret\u00edm stran\u00e1m)<\/strong> svojim \u010dlensk\u00fdm organiz\u00e1ci\u00e1m. Maxim\u00e1lna v\u00fd\u0161ka finan\u010dnej podpory na jednu tretiu stranu za rozpo\u010dtov\u00fd rok <strong>nesmie presiahnu\u0165 60 000 EUR<\/strong>. Rozpo\u010det ur\u010den\u00fd na finan\u010dn\u00fa podporu tret\u00edch str\u00e1n by <strong>v \u017eiadnom pr\u00edpade nemal presiahnu\u0165 25 % ro\u010dn\u00e9ho prev\u00e1dzkov\u00e9ho grantu CERV r\u00e1mcov\u00e9ho partnera<\/strong><strong>.<\/strong><\/p><\/li><\/ul>\t\t\t\t\t\t\t\t<\/div>\n\t\t\t\t<\/div>\n\t\t\t\t<div class=\"elementor-element elementor-element-e124a0a elementor-widget-divider--view-line elementor-widget elementor-widget-divider\" data-id=\"e124a0a\" data-element_type=\"widget\" data-widget_type=\"divider.default\">\n\t\t\t\t<div class=\"elementor-widget-container\">\n\t\t\t\t\t\t\t<div class=\"elementor-divider\">\n\t\t\t<span class=\"elementor-divider-separator\">\n\t\t\t\t\t\t<\/span>\n\t\t<\/div>\n\t\t\t\t\t\t<\/div>\n\t\t\t\t<\/div>\n\t\t\t\t<div class=\"elementor-element elementor-element-51f8230 elementor-widget elementor-widget-text-editor\" data-id=\"51f8230\" data-element_type=\"widget\" data-widget_type=\"text-editor.default\">\n\t\t\t\t<div class=\"elementor-widget-container\">\n\t\t\t\t\t\t\t\t\t<p><strong>\u010cinnosti, ktor\u00e9 mo\u017eno financova\u0165\u00a0<\/strong><\/p>\n<p>T\u00e1to v\u00fdzva podpor\u00ed <strong>eur\u00f3pske siete, organiz\u00e1cie ob\u010dianskej spolo\u010dnosti p\u00f4sobiace na \u00farovni E\u00da a eur\u00f3pske think-tanky<\/strong>, ktor\u00fdch \u010dinnos\u0165 prispieva k plneniu cie\u013eov v\u00fdzvy:<\/p>\n<ul>\n<li>politick\u00e1 anal\u00fdza a poradenstvo;<\/li>\n<li>advok\u00e1cia;<\/li>\n<li>v\u00fdskum a zber\/zdie\u013eanie\/anal\u00fdza \u00fadajov;<\/li>\n<li>vzdel\u00e1vanie ob\u010danov na r\u00f4znych \u00farovniach a v r\u00f4znych vekov\u00fdch kateg\u00f3ri\u00e1ch;<\/li>\n<li>budovanie kapac\u00edt;<\/li>\n<li>pre eur\u00f3pske siete: \u010dinnosti siete, rozvoj siete a zlep\u0161enie postupov s cie\u013eom zv\u00fd\u0161i\u0165 transparentnos\u0165, dodr\u017eiavanie hodn\u00f4t E\u00da a rovnak\u00e9 zaobch\u00e1dzanie;<\/li>\n<li>vz\u00e1jomn\u00e9 u\u010denie, odborn\u00e1 pr\u00edprava a v\u00fdmena osved\u010den\u00fdch postupov;<\/li>\n<li>zvy\u0161ovanie povedomia;<\/li>\n<li>kritick\u00e9 myslenie a medi\u00e1lna gramotnos\u0165 s cie\u013eom bojova\u0165 proti nen\u00e1vistn\u00fdm prejavom a dezinform\u00e1ci\u00e1m, manipul\u00e1cii s inform\u00e1ciami a zahrani\u010dn\u00e9mu zasahovaniu;<\/li>\n<li>aktivity zameran\u00e9 na zapojenie ob\u010danov (vr\u00e1tane det\u00ed) in\u0161pirovan\u00e9 met\u00f3dami participat\u00edvnej a zastupite\u013eskej demokracie;<\/li>\n<li>informa\u010dn\u00e9 a propaga\u010dn\u00e9 \u010dinnosti s pridanou hodnotou E\u00da.<\/li>\n<\/ul>\t\t\t\t\t\t\t\t<\/div>\n\t\t\t\t<\/div>\n\t\t\t\t\t<\/div>\n\t\t\t\t<\/div>\n\t\t<div class=\"elementor-element elementor-element-7fe0e2e e-flex e-con-boxed e-con e-parent\" data-id=\"7fe0e2e\" data-element_type=\"container\">\n\t\t\t\t\t<div class=\"e-con-inner\">\n\t\t\t\t<div class=\"elementor-element elementor-element-e254567 elementor-widget elementor-widget-text-editor\" data-id=\"e254567\" data-element_type=\"widget\" data-widget_type=\"text-editor.default\">\n\t\t\t\t<div class=\"elementor-widget-container\">\n\t\t\t\t\t\t\t\t\t<table width=\"457\"><tbody><tr><td colspan=\"2\" width=\"457\"><strong>Harmonogram a term\u00edny (orienta\u010dn\u00e9)<\/strong><\/td><\/tr><tr><td>Otvorenie v\u00fdzvy<\/td><td>24. okt\u00f3ber 2024<\/td><\/tr><tr><td>Term\u00edn na predlo\u017eenie<\/td><td>28. janu\u00e1r 2025 \u2013 17:00 SE\u010c (Brusel)<\/td><\/tr><tr><td>Hodnotenie<\/td><td>febru\u00e1r \u2013 m\u00e1j 2025<\/td><\/tr><tr><td>Inform\u00e1cie o v\u00fdsledkoch hodnotenia<\/td><td>j\u00fan 2025<\/td><\/tr><tr><td>Podpis FPA<\/td><td>j\u00fal 2025<\/td><\/tr><\/tbody><\/table>\t\t\t\t\t\t\t\t<\/div>\n\t\t\t\t<\/div>\n\t\t\t\t<div class=\"elementor-element elementor-element-3c48145 elementor-widget elementor-widget-text-editor\" data-id=\"3c48145\" data-element_type=\"widget\" data-widget_type=\"text-editor.default\">\n\t\t\t\t<div class=\"elementor-widget-container\">\n\t\t\t\t\t\t\t\t\t<p><strong>Dostupn\u00fd rozpo\u010det a trvanie<\/strong><\/p><p>Rozpo\u010det bude vybran\u00fdm r\u00e1mcov\u00fdm partnerom pridelen\u00fd prostredn\u00edctvom osobitn\u00fdch\/ \u0161pecifick\u00fdch v\u00fdziev (pozri v\u00fdzvu CERV-2025-OG-SGA). V z\u00e1vislosti od po\u010dtu a kvality \u017eiadost\u00ed sa o\u010dak\u00e1va podp\u00edsanie 70 a\u017e 80 r\u00e1mcov\u00fdch partnerstiev.<\/p><p>Trvanie: predpokladan\u00e9 trvanie \u010dinnost\u00ed v r\u00e1mci r\u00e1mcov\u00fdch partnersk\u00fdch doh\u00f4d je <strong>36 mesiacov<\/strong>.<\/p>\t\t\t\t\t\t\t\t<\/div>\n\t\t\t\t<\/div>\n\t\t\t\t\t<\/div>\n\t\t\t\t<\/div>\n\t\t<div class=\"elementor-element elementor-element-a2567e1 e-flex e-con-boxed e-con e-parent\" data-id=\"a2567e1\" data-element_type=\"container\">\n\t\t\t\t\t<div class=\"e-con-inner\">\n\t\t<div class=\"elementor-element elementor-element-c58bf1d e-con-full e-flex e-con e-child\" data-id=\"c58bf1d\" data-element_type=\"container\">\n\t\t\t\t<div class=\"elementor-element elementor-element-2038f08 elementor-widget elementor-widget-text-editor\" data-id=\"2038f08\" data-element_type=\"widget\" data-widget_type=\"text-editor.default\">\n\t\t\t\t<div class=\"elementor-widget-container\">\n\t\t\t\t\t\t\t\t\t<p><strong>Znenie v\u00fdzvy<\/strong><\/p>\t\t\t\t\t\t\t\t<\/div>\n\t\t\t\t<\/div>\n\t\t\t\t<\/div>\n\t\t<div class=\"elementor-element elementor-element-c9eefe5 e-con-full e-flex e-con e-child\" data-id=\"c9eefe5\" data-element_type=\"container\">\n\t\t\t\t<div class=\"elementor-element elementor-element-6ae9a70 elementor-widget elementor-widget-button\" data-id=\"6ae9a70\" data-element_type=\"widget\" data-widget_type=\"button.default\">\n\t\t\t\t<div class=\"elementor-widget-container\">\n\t\t\t\t\t\t\t\t\t<div class=\"elementor-button-wrapper\">\n\t\t\t\t\t<a class=\"elementor-button elementor-button-link elementor-size-sm\" href=\"https:\/\/ec.europa.eu\/info\/funding-tenders\/opportunities\/docs\/2021-2027\/cerv\/wp-call\/2025\/call-fiche_cerv-2025-og-fpa_en.pdf\">\n\t\t\t\t\t\t<span class=\"elementor-button-content-wrapper\">\n\t\t\t\t\t\t\t\t\t<span class=\"elementor-button-text\">Klikni tu<\/span>\n\t\t\t\t\t<\/span>\n\t\t\t\t\t<\/a>\n\t\t\t\t<\/div>\n\t\t\t\t\t\t\t\t<\/div>\n\t\t\t\t<\/div>\n\t\t\t\t<\/div>\n\t\t\t\t\t<\/div>\n\t\t\t\t<\/div>\n\t\t<div class=\"elementor-element elementor-element-54d5682 e-flex e-con-boxed e-con e-parent\" data-id=\"54d5682\" data-element_type=\"container\">\n\t\t\t\t\t<div class=\"e-con-inner\">\n\t\t\t\t<div class=\"elementor-element elementor-element-02eb7e3 elementor-widget elementor-widget-heading\" data-id=\"02eb7e3\" data-element_type=\"widget\" data-widget_type=\"heading.default\">\n\t\t\t\t<div class=\"elementor-widget-container\">\n\t\t\t\t\t<h2 class=\"elementor-heading-title elementor-size-default\">Opera\u010dn\u00e9 granty pre r\u00e1mcov\u00fdch partnerov p\u00f4sobiacich v oblasti hodn\u00f4t \u00danie \n(CERV-2025-OG-SGA)<\/h2>\t\t\t\t<\/div>\n\t\t\t\t<\/div>\n\t\t\t\t<div class=\"elementor-element elementor-element-68b2c24 elementor-widget elementor-widget-text-editor\" data-id=\"68b2c24\" data-element_type=\"widget\" data-widget_type=\"text-editor.default\">\n\t\t\t\t<div class=\"elementor-widget-container\">\n\t\t\t\t\t\t\t\t\t<p>\u017diadosti sa musia predklada\u0165 <strong>s uveden\u00edm 9-miestneho \u010d\u00edsla PIC v\u00e1\u0161ho pr\u00edslu\u0161n\u00e9ho n\u00e1vrhu na 3-ro\u010dn\u00fa r\u00e1mcov\u00fa dohodu o partnerstve<\/strong>\u00a0(CERV-2025-OG-FPA).<\/p><p><span style=\"text-decoration: underline;\">Odhadovan\u00fd rozpo\u010det<\/span> vyhraden\u00fd na v\u00fdzvu je: <strong>36 mili\u00f3nov EUR<\/strong><\/p><p class=\"MsoNormal\" style=\"text-align: justify;\"><u><span style=\"font-size: 12pt; line-height: 107%;\">Trvanie<\/span><\/u><\/p><p class=\"MsoNormal\" style=\"text-align: justify;\"><span style=\"font-size: 12pt; line-height: 107%;\">Projekty by zvy\u010dajne mali trva\u0165 <strong>12 mesiacov<\/strong>.<\/span><\/p><p><span style=\"text-decoration: underline;\">Forma grantu<\/span><\/p><p>N\u00e1klady bud\u00fa uhraden\u00e9 vo v\u00fd\u0161ke financovania stanovenej v Dohode o grante <strong>(80 %)<\/strong>.\u00a0<\/p><p>Grant bude <strong>zalo\u017een\u00fd na kombin\u00e1cii skuto\u010dn\u00fdch n\u00e1kladov<\/strong> (<strong>skuto\u010dn\u00e9 n\u00e1klady s prvkami jednotkov\u00fdch n\u00e1kladov)<\/strong>. To znamen\u00e1, \u017ee sa z neho bud\u00fa uhr\u00e1dza\u0165 len ur\u010dit\u00e9 druhy n\u00e1kladov (opr\u00e1vnen\u00e9 n\u00e1klady) a <strong>n\u00e1klady, ktor\u00e9 skuto\u010dne vznikli v r\u00e1mci v\u00e1\u0161ho projektu<\/strong> (NIE rozpo\u010dtovan\u00e9 n\u00e1klady). V pr\u00edpade jednotkov\u00fdch n\u00e1kladov m\u00f4\u017eete \u00fa\u010dtova\u0165 sumy vypo\u010d\u00edtan\u00e9 pod\u013ea vysvetlenia v Dohode o grante (pozri \u010dl\u00e1nok 6 a pr\u00edlohy 2 a 2a).<\/p><p>Po podpise grantu obvykle dostane \u017eiadate\u013e <strong>predfinancovanie,<\/strong> aby mohol za\u010da\u0165 pracova\u0165 na projekte (<strong>zvy\u010dajne vo v\u00fd\u0161ke 80 % maxim\u00e1lnej sumy grantu<\/strong>, v\u00fdnimo\u010dne menej alebo \u017eiadne predfinancovanie). Predbe\u017en\u00e9 financovanie <strong>bude vyplaten\u00e9 30 dn\u00ed od nadobudnutia \u00fa\u010dinnosti\/finan\u010dnej z\u00e1ruky<\/strong> (ak sa vy\u017eaduje) &#8211; pod\u013ea toho, \u010do nastane nesk\u00f4r.<\/p>\t\t\t\t\t\t\t\t<\/div>\n\t\t\t\t<\/div>\n\t\t\t\t<div class=\"elementor-element elementor-element-e81a5b5 elementor-widget elementor-widget-text-editor\" data-id=\"e81a5b5\" data-element_type=\"widget\" data-widget_type=\"text-editor.default\">\n\t\t\t\t<div class=\"elementor-widget-container\">\n\t\t\t\t\t\t\t\t\t<table width=\"457\"><tbody><tr><td colspan=\"2\" width=\"457\"><strong>Harmonogram a term\u00edny (orienta\u010dn\u00e9)<\/strong><\/td><\/tr><tr><td>Otvorenie v\u00fdzvy<\/td><td>24. okt\u00f3ber 2024<\/td><\/tr><tr><td>Term\u00edn na predlo\u017eenie<\/td><td>5. febru\u00e1r 2025 \u2013 17:00 SE\u010c (Brusel)<\/td><\/tr><tr><td>Hodnotenie<\/td><td>febru\u00e1r \u2013 m\u00e1j 2025<\/td><\/tr><tr><td>Inform\u00e1cie o v\u00fdsledkoch hodnotenia<\/td><td>august 2025<\/td><\/tr><tr><td>Podpis grantovej zmluvy\u00a0<\/td><td>november 2025<\/td><\/tr><\/tbody><\/table>\t\t\t\t\t\t\t\t<\/div>\n\t\t\t\t<\/div>\n\t\t\t\t\t<\/div>\n\t\t\t\t<\/div>\n\t\t<div class=\"elementor-element elementor-element-c95d2a3 e-flex e-con-boxed e-con e-parent\" data-id=\"c95d2a3\" data-element_type=\"container\">\n\t\t\t\t\t<div class=\"e-con-inner\">\n\t\t<div class=\"elementor-element elementor-element-ef7d9c7 e-con-full e-flex e-con e-child\" data-id=\"ef7d9c7\" data-element_type=\"container\">\n\t\t\t\t<div class=\"elementor-element elementor-element-0117493 elementor-widget elementor-widget-text-editor\" data-id=\"0117493\" data-element_type=\"widget\" data-widget_type=\"text-editor.default\">\n\t\t\t\t<div class=\"elementor-widget-container\">\n\t\t\t\t\t\t\t\t\t<p><strong>Znenie v\u00fdzvy<\/strong><\/p>\t\t\t\t\t\t\t\t<\/div>\n\t\t\t\t<\/div>\n\t\t\t\t<\/div>\n\t\t<div class=\"elementor-element elementor-element-bc83833 e-con-full e-flex e-con e-child\" data-id=\"bc83833\" data-element_type=\"container\">\n\t\t\t\t<div class=\"elementor-element elementor-element-b50e6ae elementor-widget elementor-widget-button\" data-id=\"b50e6ae\" data-element_type=\"widget\" data-widget_type=\"button.default\">\n\t\t\t\t<div class=\"elementor-widget-container\">\n\t\t\t\t\t\t\t\t\t<div class=\"elementor-button-wrapper\">\n\t\t\t\t\t<a class=\"elementor-button elementor-button-link elementor-size-sm\" href=\"https:\/\/ec.europa.eu\/info\/funding-tenders\/opportunities\/docs\/2021-2027\/cerv\/wp-call\/2025\/call-fiche_cerv-2025-og-sga_en.pdf\">\n\t\t\t\t\t\t<span class=\"elementor-button-content-wrapper\">\n\t\t\t\t\t\t\t\t\t<span class=\"elementor-button-text\">Klikni tu<\/span>\n\t\t\t\t\t<\/span>\n\t\t\t\t\t<\/a>\n\t\t\t\t<\/div>\n\t\t\t\t\t\t\t\t<\/div>\n\t\t\t\t<\/div>\n\t\t\t\t<\/div>\n\t\t\t\t\t<\/div>\n\t\t\t\t<\/div>\n\t\t\t\t<\/div>\n\t\t","protected":false},"excerpt":{"rendered":"<p>V\u00fdzva na predkladanie \u017eiadost\u00ed na trojro\u010dn\u00e9 r\u00e1mcov\u00e9 dohody o partnerstve na podporu eur\u00f3pskych siet\u00ed, organiz\u00e1ci\u00ed ob\u010dianskej spolo\u010dnosti p\u00f4sobiacich na \u00farovni [&hellip;]<\/p>\n","protected":false},"author":1,"featured_media":1066,"comment_status":"open","ping_status":"open","sticky":false,"template":"elementor_header_footer","format":"standard","meta":{"om_disable_all_campaigns":false,"_monsterinsights_skip_tracking":false,"_monsterinsights_sitenote_active":false,"_monsterinsights_sitenote_note":"","_monsterinsights_sitenote_category":0,"_uf_show_specific_survey":0,"_uf_disable_surveys":false,"site-sidebar-layout":"default","site-content-layout":"","ast-site-content-layout":"","site-content-style":"default","site-sidebar-style":"default","ast-global-header-display":"","ast-banner-title-visibility":"","ast-main-header-display":"","ast-hfb-above-header-display":"","ast-hfb-below-header-display":"","ast-hfb-mobile-header-display":"","site-post-title":"","ast-breadcrumbs-content":"","ast-featured-img":"","footer-sml-layout":"","theme-transparent-header-meta":"","adv-header-id-meta":"","stick-header-meta":"","header-above-stick-meta":"","header-main-stick-meta":"","header-below-stick-meta":"","astra-migrate-meta-layouts":"default","ast-page-background-enabled":"default","ast-page-background-meta":{"desktop":{"background-color":"var(--ast-global-color-4)","background-image":"","background-repeat":"repeat","background-position":"center center","background-size":"auto","background-attachment":"scroll","background-type":"","background-media":"","overlay-type":"","overlay-color":"","overlay-opacity":"","overlay-gradient":""},"tablet":{"background-color":"","background-image":"","background-repeat":"repeat","background-position":"center center","background-size":"auto","background-attachment":"scroll","background-type":"","background-media":"","overlay-type":"","overlay-color":"","overlay-opacity":"","overlay-gradient":""},"mobile":{"background-color":"","background-image":"","background-repeat":"repeat","background-position":"center center","background-size":"auto","background-attachment":"scroll","background-type":"","background-media":"","overlay-type":"","overlay-color":"","overlay-opacity":"","overlay-gradient":""}},"ast-content-background-meta":{"desktop":{"background-color":"var(--ast-global-color-5)","background-image":"","background-repeat":"repeat","background-position":"center center","background-size":"auto","background-attachment":"scroll","background-type":"","background-media":"","overlay-type":"","overlay-color":"","overlay-opacity":"","overlay-gradient":""},"tablet":{"background-color":"var(--ast-global-color-5)","background-image":"","background-repeat":"repeat","background-position":"center center","background-size":"auto","background-attachment":"scroll","background-type":"","background-media":"","overlay-type":"","overlay-color":"","overlay-opacity":"","overlay-gradient":""},"mobile":{"background-color":"var(--ast-global-color-5)","background-image":"","background-repeat":"repeat","background-position":"center center","background-size":"auto","background-attachment":"scroll","background-type":"","background-media":"","overlay-type":"","overlay-color":"","overlay-opacity":"","overlay-gradient":""}},"footnotes":""},"categories":[1],"tags":[22],"class_list":["post-302","post","type-post","status-publish","format-standard","has-post-thumbnail","hentry","category-nezaradene","tag-ukoncene-vyzvy"],"aioseo_notices":[],"_links":{"self":[{"href":"https:\/\/cerv.gov.sk\/index.php\/wp-json\/wp\/v2\/posts\/302","targetHints":{"allow":["GET"]}}],"collection":[{"href":"https:\/\/cerv.gov.sk\/index.php\/wp-json\/wp\/v2\/posts"}],"about":[{"href":"https:\/\/cerv.gov.sk\/index.php\/wp-json\/wp\/v2\/types\/post"}],"author":[{"embeddable":true,"href":"https:\/\/cerv.gov.sk\/index.php\/wp-json\/wp\/v2\/users\/1"}],"replies":[{"embeddable":true,"href":"https:\/\/cerv.gov.sk\/index.php\/wp-json\/wp\/v2\/comments?post=302"}],"version-history":[{"count":125,"href":"https:\/\/cerv.gov.sk\/index.php\/wp-json\/wp\/v2\/posts\/302\/revisions"}],"predecessor-version":[{"id":1833,"href":"https:\/\/cerv.gov.sk\/index.php\/wp-json\/wp\/v2\/posts\/302\/revisions\/1833"}],"wp:featuredmedia":[{"embeddable":true,"href":"https:\/\/cerv.gov.sk\/index.php\/wp-json\/wp\/v2\/media\/1066"}],"wp:attachment":[{"href":"https:\/\/cerv.gov.sk\/index.php\/wp-json\/wp\/v2\/media?parent=302"}],"wp:term":[{"taxonomy":"category","embeddable":true,"href":"https:\/\/cerv.gov.sk\/index.php\/wp-json\/wp\/v2\/categories?post=302"},{"taxonomy":"post_tag","embeddable":true,"href":"https:\/\/cerv.gov.sk\/index.php\/wp-json\/wp\/v2\/tags?post=302"}],"curies":[{"name":"wp","href":"https:\/\/api.w.org\/{rel}","templated":true}]}}