{"id":2474,"date":"2025-06-10T11:49:34","date_gmt":"2025-06-10T09:49:34","guid":{"rendered":"https:\/\/cerv.gov.sk\/?p=2474"},"modified":"2025-10-06T12:22:09","modified_gmt":"2025-10-06T10:22:09","slug":"pozname-vitazov-sutaze-mladi-tvorcovia-za-demokraticke-hodnoty","status":"publish","type":"post","link":"https:\/\/cerv.gov.sk\/index.php\/2025\/06\/10\/pozname-vitazov-sutaze-mladi-tvorcovia-za-demokraticke-hodnoty\/","title":{"rendered":"Pozn\u00e1me v\u00ed\u0165azov s\u00fa\u0165a\u017ee &#8222;Mlad\u00ed tvorcovia za demokratick\u00e9 hodnoty&#8220;"},"content":{"rendered":"\t\t<div data-elementor-type=\"wp-post\" data-elementor-id=\"2474\" class=\"elementor elementor-2474\">\n\t\t\t\t<div class=\"elementor-element elementor-element-dc3893e e-flex e-con-boxed e-con e-parent\" data-id=\"dc3893e\" data-element_type=\"container\">\n\t\t\t\t\t<div class=\"e-con-inner\">\n\t\t\t\t<div class=\"elementor-element elementor-element-9f3fab0 elementor-widget elementor-widget-heading\" data-id=\"9f3fab0\" data-element_type=\"widget\" data-widget_type=\"heading.default\">\n\t\t\t\t<div class=\"elementor-widget-container\">\n\t\t\t\t\t<h2 class=\"elementor-heading-title elementor-size-default\">Pozn\u00e1me v\u00ed\u0165azov s\u00fa\u0165a\u017ee  <br>Mlad\u00ed tvorcovia za demokratick\u00e9 hodnoty<\/h2>\t\t\t\t<\/div>\n\t\t\t\t<\/div>\n\t\t\t\t\t<\/div>\n\t\t\t\t<\/div>\n\t\t<div class=\"elementor-element elementor-element-a7869b2 e-flex e-con-boxed e-con e-parent\" data-id=\"a7869b2\" data-element_type=\"container\">\n\t\t\t\t\t<div class=\"e-con-inner\">\n\t\t<div class=\"elementor-element elementor-element-3318de9 e-con-full e-flex e-con e-child\" data-id=\"3318de9\" data-element_type=\"container\">\n\t\t\t\t<div class=\"elementor-element elementor-element-a6f9e88 elementor-widget__width-initial elementor-widget elementor-widget-text-editor\" data-id=\"a6f9e88\" data-element_type=\"widget\" data-widget_type=\"text-editor.default\">\n\t\t\t\t<div class=\"elementor-widget-container\">\n\t\t\t\t\t\t\t\t\t<p data-start=\"431\" data-end=\"553\"><em><strong>Ak\u00e9 miesto maj\u00fa demokratick\u00e9 hodnoty v \u017eivotoch mlad\u00fdch \u013eud\u00ed? Ako ich vn\u00edmaj\u00fa a ako ich vedia vyjadri\u0165 vlastnou tvorbou?<\/strong><\/em><\/p><p data-start=\"555\" data-end=\"848\">Aj na tieto ot\u00e1zky h\u013eadala odpove\u010f s\u00fa\u0165a\u017e <strong><em data-start=\"596\" data-end=\"637\">Mlad\u00ed tvorcovia za demokratick\u00e9 hodnoty<\/em><\/strong>, ktor\u00fa sme vyhl\u00e1sili v r\u00e1mci n\u00e1rodn\u00e9ho kontaktn\u00e9ho bodu programu CERV Slovensko. S\u00fa\u0165a\u017e bola ur\u010den\u00e1 \u017eiakom 2. stup\u0148a z\u00e1kladn\u00fdch \u0161k\u00f4l a \u017eiakom stredn\u00fdch \u0161k\u00f4l\u00a0 \u2014 do jej 1. ro\u010dn\u00edka sa zapojilo vy\u0161e 85 mlad\u00fdch tvorcov z cel\u00e9ho Slovenska.<\/p>\t\t\t\t\t\t\t\t<\/div>\n\t\t\t\t<\/div>\n\t\t\t\t<\/div>\n\t\t\t\t\t<\/div>\n\t\t\t\t<\/div>\n\t\t<div class=\"elementor-element elementor-element-b6601a8 e-flex e-con-boxed e-con e-parent\" data-id=\"b6601a8\" data-element_type=\"container\">\n\t\t\t\t\t<div class=\"e-con-inner\">\n\t\t\t\t<div class=\"elementor-element elementor-element-7286cbb elementor-widget elementor-widget-text-editor\" data-id=\"7286cbb\" data-element_type=\"widget\" data-widget_type=\"text-editor.default\">\n\t\t\t\t<div class=\"elementor-widget-container\">\n\t\t\t\t\t\t\t\t\t<p>Svojimi v\u00fdtvarn\u00fdmi pr\u00e1cami a videami uk\u00e1zali, \u017ee t\u00e9my ako sloboda, rovnos\u0165, re\u0161pekt, spolupr\u00e1ca \u010di ob\u010dianska anga\u017eovanos\u0165 s\u00fa pre nich \u017eiv\u00e9 a d\u00f4le\u017eit\u00e9.<\/p>\t\t\t\t\t\t\t\t<\/div>\n\t\t\t\t<\/div>\n\t\t\t\t\t<\/div>\n\t\t\t\t<\/div>\n\t\t<div class=\"elementor-element elementor-element-5da234b e-flex e-con-boxed e-con e-parent\" data-id=\"5da234b\" data-element_type=\"container\">\n\t\t\t\t\t<div class=\"e-con-inner\">\n\t\t\t\t<div class=\"elementor-element elementor-element-281cff2 elementor-widget elementor-widget-heading\" data-id=\"281cff2\" data-element_type=\"widget\" data-widget_type=\"heading.default\">\n\t\t\t\t<div class=\"elementor-widget-container\">\n\t\t\t\t\t<h2 class=\"elementor-heading-title elementor-size-default\">Ako sme vyberali v\u00ed\u0165azov\n<\/h2>\t\t\t\t<\/div>\n\t\t\t\t<\/div>\n\t\t\t\t\t<\/div>\n\t\t\t\t<\/div>\n\t\t<div class=\"elementor-element elementor-element-86463b8 e-flex e-con-boxed e-con e-parent\" data-id=\"86463b8\" data-element_type=\"container\">\n\t\t\t\t\t<div class=\"e-con-inner\">\n\t\t\t\t<div class=\"elementor-element elementor-element-c70fcd5 elementor-widget elementor-widget-text-editor\" data-id=\"c70fcd5\" data-element_type=\"widget\" data-widget_type=\"text-editor.default\">\n\t\t\t\t<div class=\"elementor-widget-container\">\n\t\t\t\t\t\t\t\t\t<ul><li>3 \u2013 \u010dlenn\u00e1 komisia posudzovala prihl\u00e1sen\u00e9 pr\u00e1ce pod\u013ea kreativity a \u00a0originality, vyjadrenia t\u00e9my a\u00a0vizu\u00e1lneho dojmu.<\/li><li>Ka\u017ed\u00fd \u010dlen hodnotiacej komisie ohodnotil jednotliv\u00e9 diela v r\u00e1mci stanoven\u00fdch krit\u00e9ri\u00ed nez\u00e1visle od in\u00fdch \u010dlenov komisie. Tieto body sa s\u010d\u00edtali a\u00a0ur\u010dilo sa poradie od najv\u00e4\u010d\u0161ieho po\u010dtu bodov po najmen\u0161\u00ed.<\/li><li>Z\u00e1rove\u0148 sme dali priestor aj verejnosti \u2014 v online hlasovan\u00ed mohli \u013eudia podpori\u0165 svoje ob\u013e\u00faben\u00e9 pr\u00e1ce.<\/li><\/ul>\t\t\t\t\t\t\t\t<\/div>\n\t\t\t\t<\/div>\n\t\t\t\t\t<\/div>\n\t\t\t\t<\/div>\n\t\t<div class=\"elementor-element elementor-element-4e88fc5 e-flex e-con-boxed e-con e-parent\" data-id=\"4e88fc5\" data-element_type=\"container\">\n\t\t\t\t\t<div class=\"e-con-inner\">\n\t\t\t\t<div class=\"elementor-element elementor-element-fcde663 elementor-widget elementor-widget-heading\" data-id=\"fcde663\" data-element_type=\"widget\" data-widget_type=\"heading.default\">\n\t\t\t\t<div class=\"elementor-widget-container\">\n\t\t\t\t\t<h2 class=\"elementor-heading-title elementor-size-default\">V\u00fdsledky s\u00fa\u0165a\u017ee<\/h2>\t\t\t\t<\/div>\n\t\t\t\t<\/div>\n\t\t\t\t\t<\/div>\n\t\t\t\t<\/div>\n\t\t<div class=\"elementor-element elementor-element-ce1b8b6 e-flex e-con-boxed e-con e-parent\" data-id=\"ce1b8b6\" data-element_type=\"container\">\n\t\t\t\t\t<div class=\"e-con-inner\">\n\t\t\t\t<div class=\"elementor-element elementor-element-067032a elementor-widget elementor-widget-text-editor\" data-id=\"067032a\" data-element_type=\"widget\" data-widget_type=\"text-editor.default\">\n\t\t\t\t<div class=\"elementor-widget-container\">\n\t\t\t\t\t\t\t\t\t<p><strong>\ud83c\udfc5 V\u00ed\u0165az v\u00a0kateg\u00f3rii MA\u013dBA:<\/strong><\/p><ol><li>t\u00e9ma &#8211; demokratick\u00e9 hodnoty a ob\u010dianska anga\u017eovanos\u0165 &#8222;SUPERHRDINOVIA DEMOKRACIE &#8211; AKO M\u00d4\u017dEME ZMENI\u0164 SVET&#8220;<strong> &#8211; Edita Fedorov\u00e1<\/strong><\/li><li>t\u00e9ma &#8211; rodov\u00e1 rovnos\u0165 &#8222;BOLI ODV\u00c1\u017dNI &#8211; PR\u00cdBEHY IN\u0160PIRAT\u00cdVNYCH \u017dIEN A MU\u017dOV&#8220;- <strong>Adela Knie\u017eov\u00e1<\/strong><\/li><\/ol><p>\u27a1\ufe0f v\u00fdhra: <strong>bezdr\u00f4tov\u00e9 sl\u00fachadl\u00e1 JBL TUNE 770NC<\/strong><\/p><p><strong>\ud83c\udfc5 V\u00ed\u0165az v\u00a0kateg\u00f3rii VIDEO:<\/strong><\/p><ol><li>t\u00e9ma &#8211; bezpe\u010die v digit\u00e1lnom svete &#8222;SPOLU PROTI KYBER\u0160IKANE&#8220; \u2013 <strong>Vikt\u00f3ria Stan\u010dekov\u00e1<\/strong><\/li><li>t\u00e9ma &#8211; pr\u00e1va die\u0165a\u0165a a \u013eudsk\u00e9 pr\u00e1va \u201ePOSTOJ MLAD\u00ddCH: NA\u0160E PR\u00c1VA A NA\u0160E HLASY\u201c \u2013<strong> Ema Bystrick\u00e1<\/strong><\/li><\/ol><p>\u27a1\ufe0f v\u00fdhra: <strong>APPLE AIRPODS 4. GENER\u00c1CIE S NAB\u00cdJAC\u00cdM PUZDROM<\/strong><\/p><p><strong>\ud83c\udfc5 V\u00ed\u0165az verejn\u00e9ho hlasovania:<\/strong><br \/><strong>MA\u013dBA \u2013 Sofia Jan\u010dov\u00e1<\/strong><\/p><p><strong>VIDEO \u2013 Bianka G\u00e1n\u00f3ci<\/strong><\/p><p>\u27a1\ufe0f v\u00fdhra: <strong>prenosn\u00fd reproduktor JBL CHARGE 5<\/strong><\/p>\t\t\t\t\t\t\t\t<\/div>\n\t\t\t\t<\/div>\n\t\t\t\t\t<\/div>\n\t\t\t\t<\/div>\n\t\t<div class=\"elementor-element elementor-element-baa521f e-flex e-con-boxed e-con e-parent\" data-id=\"baa521f\" data-element_type=\"container\">\n\t\t\t\t\t<div class=\"e-con-inner\">\n\t\t\t\t<div class=\"elementor-element elementor-element-e52f9bd elementor-widget elementor-widget-text-editor\" data-id=\"e52f9bd\" data-element_type=\"widget\" data-widget_type=\"text-editor.default\">\n\t\t\t\t<div class=\"elementor-widget-container\">\n\t\t\t\t\t\t\t\t\t<p>Ve\u013emi n\u00e1s pote\u0161il nielen po\u010det prihl\u00e1sen\u00fdch pr\u00e1c, ale najm\u00e4 to, ako hlboko mlad\u00ed \u013eudia nad t\u00e9mou demokracie prem\u00fd\u0161\u013eaj\u00fa. Uk\u00e1zali, \u017ee hodnoty ako re\u0161pekt, rovnos\u0165 \u010di sloboda pre nich nie s\u00fa pr\u00e1zdne slov\u00e1, ale nie\u010do, \u010do pre\u017e\u00edvaj\u00fa v ka\u017edodennom \u017eivote. V\u0161etk\u00fdm s\u00fa\u0165a\u017eiacim \u010fakujeme za ich odvahu, kreativitu a ob\u010diansky postoj. V\u00ed\u0165azom srde\u010dne blaho\u017eel\u00e1me a prajeme im ve\u013ea \u010fal\u0161ej in\u0161pir\u00e1cie.<\/p>\t\t\t\t\t\t\t\t<\/div>\n\t\t\t\t<\/div>\n\t\t\t\t<div class=\"elementor-element elementor-element-7d16921 elementor-widget elementor-widget-heading\" data-id=\"7d16921\" data-element_type=\"widget\" data-widget_type=\"heading.default\">\n\t\t\t\t<div class=\"elementor-widget-container\">\n\t\t\t\t\t<h2 class=\"elementor-heading-title elementor-size-default\">Gal\u00e9ria v\u00ed\u0165azn\u00fdch pr\u00e1c<\/h2>\t\t\t\t<\/div>\n\t\t\t\t<\/div>\n\t\t\t\t\t<\/div>\n\t\t\t\t<\/div>\n\t\t<div class=\"elementor-element elementor-element-7e01192 e-flex e-con-boxed e-con e-parent\" data-id=\"7e01192\" data-element_type=\"container\">\n\t\t\t\t\t<div class=\"e-con-inner\">\n\t\t\t\t<div class=\"elementor-element elementor-element-b502f1a elementor-widget elementor-widget-image\" data-id=\"b502f1a\" data-element_type=\"widget\" data-widget_type=\"image.default\">\n\t\t\t\t<div class=\"elementor-widget-container\">\n\t\t\t\t\t\t\t\t\t\t\t\t\t\t\t<img fetchpriority=\"high\" decoding=\"async\" width=\"718\" height=\"1024\" src=\"https:\/\/cerv.gov.sk\/wp-content\/uploads\/2025\/06\/Edita-Fedorova-718x1024.jpg\" class=\"attachment-large size-large wp-image-2476\" alt=\"Autorsk\u00e1 ma\u013eba- diev\u010da, lietadlo\" srcset=\"https:\/\/cerv.gov.sk\/wp-content\/uploads\/2025\/06\/Edita-Fedorova-718x1024.jpg 718w, https:\/\/cerv.gov.sk\/wp-content\/uploads\/2025\/06\/Edita-Fedorova-210x300.jpg 210w, https:\/\/cerv.gov.sk\/wp-content\/uploads\/2025\/06\/Edita-Fedorova-768x1096.jpg 768w, https:\/\/cerv.gov.sk\/wp-content\/uploads\/2025\/06\/Edita-Fedorova-1076x1536.jpg 1076w, https:\/\/cerv.gov.sk\/wp-content\/uploads\/2025\/06\/Edita-Fedorova-1435x2048.jpg 1435w, https:\/\/cerv.gov.sk\/wp-content\/uploads\/2025\/06\/Edita-Fedorova-scaled.jpg 1794w\" sizes=\"(max-width: 718px) 100vw, 718px\" \/>\t\t\t\t\t\t\t\t\t\t\t\t\t\t\t<\/div>\n\t\t\t\t<\/div>\n\t\t\t\t\t<\/div>\n\t\t\t\t<\/div>\n\t\t<div class=\"elementor-element elementor-element-d9b799b e-flex e-con-boxed e-con e-parent\" data-id=\"d9b799b\" data-element_type=\"container\">\n\t\t\t\t\t<div class=\"e-con-inner\">\n\t\t\t\t<div class=\"elementor-element elementor-element-fe2910e elementor-widget elementor-widget-text-editor\" data-id=\"fe2910e\" data-element_type=\"widget\" data-widget_type=\"text-editor.default\">\n\t\t\t\t<div class=\"elementor-widget-container\">\n\t\t\t\t\t\t\t\t\t<p><em>Edita Fedorov\u00e1: Ak by som mala schopnosti superhrdinu, tak by som poskladala \u00falomky snov a t\u00fa\u017eob \u013eud\u00ed a uk\u00e1zala svetu, ak\u00e1 krehk\u00e1, ale kr\u00e1sna je demokracia.<\/em><\/p>\t\t\t\t\t\t\t\t<\/div>\n\t\t\t\t<\/div>\n\t\t\t\t\t<\/div>\n\t\t\t\t<\/div>\n\t\t<div class=\"elementor-element elementor-element-b8b4f17 e-flex e-con-boxed e-con e-parent\" data-id=\"b8b4f17\" data-element_type=\"container\">\n\t\t\t\t\t<div class=\"e-con-inner\">\n\t\t\t\t<div class=\"elementor-element elementor-element-2f498db elementor-widget elementor-widget-image\" data-id=\"2f498db\" data-element_type=\"widget\" data-widget_type=\"image.default\">\n\t\t\t\t<div class=\"elementor-widget-container\">\n\t\t\t\t\t\t\t\t\t\t\t\t\t\t\t<img decoding=\"async\" width=\"1024\" height=\"699\" src=\"https:\/\/cerv.gov.sk\/wp-content\/uploads\/2025\/06\/Adela_Kniezova_Rovnost-1024x699.jpg\" class=\"attachment-large size-large wp-image-2477\" alt=\"Obr\u00e1zok so \u0161tyrmi mlad\u00fdmi \u013eu\u010fmi dr\u017eiacimi nadpis &quot;Za v\u0161etky rodov\u00e9 pr\u00e1va&quot;\" srcset=\"https:\/\/cerv.gov.sk\/wp-content\/uploads\/2025\/06\/Adela_Kniezova_Rovnost-1024x699.jpg 1024w, https:\/\/cerv.gov.sk\/wp-content\/uploads\/2025\/06\/Adela_Kniezova_Rovnost-300x205.jpg 300w, https:\/\/cerv.gov.sk\/wp-content\/uploads\/2025\/06\/Adela_Kniezova_Rovnost-768x524.jpg 768w, https:\/\/cerv.gov.sk\/wp-content\/uploads\/2025\/06\/Adela_Kniezova_Rovnost.jpg 1036w\" sizes=\"(max-width: 1024px) 100vw, 1024px\" \/>\t\t\t\t\t\t\t\t\t\t\t\t\t\t\t<\/div>\n\t\t\t\t<\/div>\n\t\t\t\t\t<\/div>\n\t\t\t\t<\/div>\n\t\t<div class=\"elementor-element elementor-element-2e439a3 e-flex e-con-boxed e-con e-parent\" data-id=\"2e439a3\" data-element_type=\"container\">\n\t\t\t\t\t<div class=\"e-con-inner\">\n\t\t\t\t<div class=\"elementor-element elementor-element-c498452 elementor-widget elementor-widget-text-editor\" data-id=\"c498452\" data-element_type=\"widget\" data-widget_type=\"text-editor.default\">\n\t\t\t\t<div class=\"elementor-widget-container\">\n\t\t\t\t\t\t\t\t\t<p><em>Adela Knie\u017eov\u00e1: Rovnos\u0165<\/em><\/p>\t\t\t\t\t\t\t\t<\/div>\n\t\t\t\t<\/div>\n\t\t\t\t\t<\/div>\n\t\t\t\t<\/div>\n\t\t<div class=\"elementor-element elementor-element-676d461 e-flex e-con-boxed e-con e-parent\" data-id=\"676d461\" data-element_type=\"container\">\n\t\t\t\t\t<div class=\"e-con-inner\">\n\t\t\t\t<div class=\"elementor-element elementor-element-36cb80c elementor-widget elementor-widget-image\" data-id=\"36cb80c\" data-element_type=\"widget\" data-widget_type=\"image.default\">\n\t\t\t\t<div class=\"elementor-widget-container\">\n\t\t\t\t\t\t\t\t\t\t\t\t\t\t\t<img decoding=\"async\" width=\"549\" height=\"768\" src=\"https:\/\/cerv.gov.sk\/wp-content\/uploads\/2025\/06\/Sofia_Jancova_Strong-Womens.jpg\" class=\"attachment-large size-large wp-image-2478\" alt=\"Autorsk\u00e1 ma\u013eba s nadpisom Women&#039;s rights are human rights s postavami \u017eien bez jasn\u00fdch kont\u00far\" srcset=\"https:\/\/cerv.gov.sk\/wp-content\/uploads\/2025\/06\/Sofia_Jancova_Strong-Womens.jpg 549w, https:\/\/cerv.gov.sk\/wp-content\/uploads\/2025\/06\/Sofia_Jancova_Strong-Womens-214x300.jpg 214w\" sizes=\"(max-width: 549px) 100vw, 549px\" \/>\t\t\t\t\t\t\t\t\t\t\t\t\t\t\t<\/div>\n\t\t\t\t<\/div>\n\t\t\t\t\t<\/div>\n\t\t\t\t<\/div>\n\t\t<div class=\"elementor-element elementor-element-bde3213 e-flex e-con-boxed e-con e-parent\" data-id=\"bde3213\" data-element_type=\"container\">\n\t\t\t\t\t<div class=\"e-con-inner\">\n\t\t\t\t<div class=\"elementor-element elementor-element-05101e7 elementor-widget elementor-widget-text-editor\" data-id=\"05101e7\" data-element_type=\"widget\" data-widget_type=\"text-editor.default\">\n\t\t\t\t<div class=\"elementor-widget-container\">\n\t\t\t\t\t\t\t\t\t<p><em>Sofia Jan\u010dov\u00e1: Strong Womens<\/em><\/p>\t\t\t\t\t\t\t\t<\/div>\n\t\t\t\t<\/div>\n\t\t\t\t\t<\/div>\n\t\t\t\t<\/div>\n\t\t<div class=\"elementor-element elementor-element-cb16f85 e-flex e-con-boxed e-con e-parent\" data-id=\"cb16f85\" data-element_type=\"container\">\n\t\t\t\t\t<div class=\"e-con-inner\">\n\t\t\t\t<div class=\"elementor-element elementor-element-47389d9 elementor-widget elementor-widget-video\" data-id=\"47389d9\" data-element_type=\"widget\" data-settings=\"{&quot;youtube_url&quot;:&quot;https:\\\/\\\/www.youtube.com\\\/watch?v=36-SVNWOkC4&quot;,&quot;video_type&quot;:&quot;youtube&quot;,&quot;controls&quot;:&quot;yes&quot;}\" data-widget_type=\"video.default\">\n\t\t\t\t<div class=\"elementor-widget-container\">\n\t\t\t\t\t\t\t<div class=\"elementor-wrapper elementor-open-inline\">\n\t\t\t<div class=\"elementor-video\"><\/div>\t\t<\/div>\n\t\t\t\t\t\t<\/div>\n\t\t\t\t<\/div>\n\t\t\t\t\t<\/div>\n\t\t\t\t<\/div>\n\t\t<div class=\"elementor-element elementor-element-f183637 e-flex e-con-boxed e-con e-parent\" data-id=\"f183637\" data-element_type=\"container\">\n\t\t\t\t\t<div class=\"e-con-inner\">\n\t\t\t\t<div class=\"elementor-element elementor-element-7c37d93 elementor-widget elementor-widget-text-editor\" data-id=\"7c37d93\" data-element_type=\"widget\" data-widget_type=\"text-editor.default\">\n\t\t\t\t<div class=\"elementor-widget-container\">\n\t\t\t\t\t\t\t\t\t<p><em>Vikt\u00f3ria Stan\u010dekov\u00e1: 2 cesty<\/em><\/p>\t\t\t\t\t\t\t\t<\/div>\n\t\t\t\t<\/div>\n\t\t\t\t\t<\/div>\n\t\t\t\t<\/div>\n\t\t<div class=\"elementor-element elementor-element-62168f1 e-flex e-con-boxed e-con e-parent\" data-id=\"62168f1\" data-element_type=\"container\">\n\t\t\t\t\t<div class=\"e-con-inner\">\n\t\t\t\t<div class=\"elementor-element elementor-element-4da49c9 elementor-widget elementor-widget-text-editor\" data-id=\"4da49c9\" data-element_type=\"widget\" data-widget_type=\"text-editor.default\">\n\t\t\t\t<div class=\"elementor-widget-container\">\n\t\t\t\t\t\t\t\t\t<p><em>Ema Bystrick\u00e1: Pohlten\u00ed nen\u00e1vis\u0165ou<\/em><\/p><p>Link na stiahnutie videa:\u00a0<a style=\"font-size: 1rem;\" href=\"https:\/\/drive.google.com\/file\/d\/1YWvqp4KBmRrTPGgjmYYZbhtbtchZdt2D\/view\">Pohlteni\u0301 nena\u0301vist\u030cou.mp4 &#8211; Disk Google<\/a>\u00a0<\/p>\t\t\t\t\t\t\t\t<\/div>\n\t\t\t\t<\/div>\n\t\t\t\t<div class=\"elementor-element elementor-element-d92b269 elementor-widget elementor-widget-text-editor\" data-id=\"d92b269\" data-element_type=\"widget\" data-widget_type=\"text-editor.default\">\n\t\t\t\t<div class=\"elementor-widget-container\">\n\t\t\t\t\t\t\t\t\t<p><em>Bianka G\u00e1n\u00f3ci: Spolu proti \u0161ikane<\/em><\/p><p>Link na stiahnutie videa:\u00a0<a style=\"font-size: 1rem;\" href=\"https:\/\/drive.google.com\/file\/d\/1ZzwOTU6-YluCpfVhezzMTVWrGcISEPpZ\/view\">Gan\u00f3ci_CERV_video.mp4 &#8211; Disk Google<\/a>\u00a0<\/p>\t\t\t\t\t\t\t\t<\/div>\n\t\t\t\t<\/div>\n\t\t\t\t\t<\/div>\n\t\t\t\t<\/div>\n\t\t\t\t<\/div>\n\t\t","protected":false},"excerpt":{"rendered":"<p>Pozn\u00e1me v\u00ed\u0165azov s\u00fa\u0165a\u017ee Mlad\u00ed tvorcovia za demokratick\u00e9 hodnoty Ak\u00e9 miesto maj\u00fa demokratick\u00e9 hodnoty v \u017eivotoch mlad\u00fdch \u013eud\u00ed? Ako ich vn\u00edmaj\u00fa [&hellip;]<\/p>\n","protected":false},"author":1,"featured_media":2477,"comment_status":"open","ping_status":"open","sticky":false,"template":"elementor_header_footer","format":"standard","meta":{"om_disable_all_campaigns":false,"_monsterinsights_skip_tracking":false,"_monsterinsights_sitenote_active":false,"_monsterinsights_sitenote_note":"","_monsterinsights_sitenote_category":0,"_uf_show_specific_survey":0,"_uf_disable_surveys":false,"site-sidebar-layout":"default","site-content-layout":"","ast-site-content-layout":"","site-content-style":"default","site-sidebar-style":"default","ast-global-header-display":"","ast-banner-title-visibility":"","ast-main-header-display":"","ast-hfb-above-header-display":"","ast-hfb-below-header-display":"","ast-hfb-mobile-header-display":"","site-post-title":"","ast-breadcrumbs-content":"","ast-featured-img":"","footer-sml-layout":"","theme-transparent-header-meta":"","adv-header-id-meta":"","stick-header-meta":"","header-above-stick-meta":"","header-main-stick-meta":"","header-below-stick-meta":"","astra-migrate-meta-layouts":"default","ast-page-background-enabled":"default","ast-page-background-meta":{"desktop":{"background-color":"var(--ast-global-color-4)","background-image":"","background-repeat":"repeat","background-position":"center center","background-size":"auto","background-attachment":"scroll","background-type":"","background-media":"","overlay-type":"","overlay-color":"","overlay-opacity":"","overlay-gradient":""},"tablet":{"background-color":"","background-image":"","background-repeat":"repeat","background-position":"center center","background-size":"auto","background-attachment":"scroll","background-type":"","background-media":"","overlay-type":"","overlay-color":"","overlay-opacity":"","overlay-gradient":""},"mobile":{"background-color":"","background-image":"","background-repeat":"repeat","background-position":"center center","background-size":"auto","background-attachment":"scroll","background-type":"","background-media":"","overlay-type":"","overlay-color":"","overlay-opacity":"","overlay-gradient":""}},"ast-content-background-meta":{"desktop":{"background-color":"var(--ast-global-color-5)","background-image":"","background-repeat":"repeat","background-position":"center center","background-size":"auto","background-attachment":"scroll","background-type":"","background-media":"","overlay-type":"","overlay-color":"","overlay-opacity":"","overlay-gradient":""},"tablet":{"background-color":"var(--ast-global-color-5)","background-image":"","background-repeat":"repeat","background-position":"center center","background-size":"auto","background-attachment":"scroll","background-type":"","background-media":"","overlay-type":"","overlay-color":"","overlay-opacity":"","overlay-gradient":""},"mobile":{"background-color":"var(--ast-global-color-5)","background-image":"","background-repeat":"repeat","background-position":"center center","background-size":"auto","background-attachment":"scroll","background-type":"","background-media":"","overlay-type":"","overlay-color":"","overlay-opacity":"","overlay-gradient":""}},"footnotes":""},"categories":[1],"tags":[4],"class_list":["post-2474","post","type-post","status-publish","format-standard","has-post-thumbnail","hentry","category-nezaradene","tag-aktuality"],"aioseo_notices":[],"_links":{"self":[{"href":"https:\/\/cerv.gov.sk\/index.php\/wp-json\/wp\/v2\/posts\/2474","targetHints":{"allow":["GET"]}}],"collection":[{"href":"https:\/\/cerv.gov.sk\/index.php\/wp-json\/wp\/v2\/posts"}],"about":[{"href":"https:\/\/cerv.gov.sk\/index.php\/wp-json\/wp\/v2\/types\/post"}],"author":[{"embeddable":true,"href":"https:\/\/cerv.gov.sk\/index.php\/wp-json\/wp\/v2\/users\/1"}],"replies":[{"embeddable":true,"href":"https:\/\/cerv.gov.sk\/index.php\/wp-json\/wp\/v2\/comments?post=2474"}],"version-history":[{"count":55,"href":"https:\/\/cerv.gov.sk\/index.php\/wp-json\/wp\/v2\/posts\/2474\/revisions"}],"predecessor-version":[{"id":2540,"href":"https:\/\/cerv.gov.sk\/index.php\/wp-json\/wp\/v2\/posts\/2474\/revisions\/2540"}],"wp:featuredmedia":[{"embeddable":true,"href":"https:\/\/cerv.gov.sk\/index.php\/wp-json\/wp\/v2\/media\/2477"}],"wp:attachment":[{"href":"https:\/\/cerv.gov.sk\/index.php\/wp-json\/wp\/v2\/media?parent=2474"}],"wp:term":[{"taxonomy":"category","embeddable":true,"href":"https:\/\/cerv.gov.sk\/index.php\/wp-json\/wp\/v2\/categories?post=2474"},{"taxonomy":"post_tag","embeddable":true,"href":"https:\/\/cerv.gov.sk\/index.php\/wp-json\/wp\/v2\/tags?post=2474"}],"curies":[{"name":"wp","href":"https:\/\/api.w.org\/{rel}","templated":true}]}}